{"id":93094,"date":"2025-03-21T18:04:06","date_gmt":"2025-03-21T17:04:06","guid":{"rendered":"https:\/\/lacividina.com\/?p=93094"},"modified":"2025-03-24T10:24:36","modified_gmt":"2025-03-24T09:24:36","slug":"milano-design-week","status":"publish","type":"post","link":"https:\/\/lacividina.com\/fr\/milano-design-week\/","title":{"rendered":"Milano Design Week"},"content":{"rendered":"<p>Lors de la Milan Design Week 2025, laCividina d\u00e9voile de nouvelles collections fa\u00e7onn\u00e9es par la sensibilit\u00e9 de designers de renomm\u00e9e internationale\u00a0: la fluidit\u00e9 de Lisse par Sabine Marcelis, les g\u00e9om\u00e9tries d&rsquo;Acamante par Elisa Ossino.<\/p>\n<p>\u00c9largissant sa vision, laCividina pr\u00e9sente \u00e9galement de nouvelles collections \u00ab\u00a0pr\u00eat-\u00e0-porter\u00a0\u00bb &#8211; des solutions polyvalentes et imm\u00e9diates pour le monde contractuel et r\u00e9sidentiel, \u00e9quilibrant une production optimis\u00e9e avec le style et l&rsquo;artisanat de la marque.<\/p>\n<p>Parall\u00e8lement \u00e0 ces avant-premi\u00e8res, la nouvelle collection Outdoor : avec Osaka Outdoor by Pierre Paulin, laCividina \u00e9tend son langage \u00e0 l&rsquo;air libre, red\u00e9finissant les concepts de convivialit\u00e9 et de modularit\u00e9.<\/p>\n<p>Une invitation \u00e0 vivre le design comme un dialogue entre le mobilier et les personnes, des espaces r\u00e9sidentiels aux environnements collectifs.<\/p>\n<p>Nous sommes impatients de vous accueillir dans notre showroom du 7 au 13\u00a0avril.<\/p>\n<p>Semaine du design de Milan\u00a02025<br \/>\nDu 7 au 13 avril<br \/>\nSalle d&rsquo;exposition laCividina<br \/>\nVia Manzoni 41, Milan<br \/>\nHeures d\u2019ouverture\u00a0:<br \/>\n9 h \u00e0 21 h<\/p>\n","protected":false},"excerpt":{"rendered":"<p>Lors de la Milan Design Week 2025, laCividina d\u00e9voile de nouvelles collections fa\u00e7onn\u00e9es par la sensibilit\u00e9 de designers de renomm\u00e9e internationale\u00a0: la fluidit\u00e9 de Lisse par Sabine Marcelis, les g\u00e9om\u00e9tries d&rsquo;Acamante par Elisa Ossino. \u00c9largissant sa vision, laCividina pr\u00e9sente \u00e9galement de nouvelles collections \u00ab\u00a0pr\u00eat-\u00e0-porter\u00a0\u00bb &#8211; des solutions polyvalentes et imm\u00e9diates pour le monde contractuel et [&hellip;]<\/p>\n","protected":false},"author":2,"featured_media":93074,"comment_status":"open","ping_status":"open","sticky":false,"template":"","format":"standard","meta":{"inline_featured_image":false,"footnotes":""},"categories":[4],"tags":[],"class_list":["post-93094","post","type-post","status-publish","format-standard","has-post-thumbnail","hentry","category-non-classifiee"],"acf":[],"_links":{"self":[{"href":"https:\/\/lacividina.com\/fr\/wp-json\/wp\/v2\/posts\/93094","targetHints":{"allow":["GET"]}}],"collection":[{"href":"https:\/\/lacividina.com\/fr\/wp-json\/wp\/v2\/posts"}],"about":[{"href":"https:\/\/lacividina.com\/fr\/wp-json\/wp\/v2\/types\/post"}],"author":[{"embeddable":true,"href":"https:\/\/lacividina.com\/fr\/wp-json\/wp\/v2\/users\/2"}],"replies":[{"embeddable":true,"href":"https:\/\/lacividina.com\/fr\/wp-json\/wp\/v2\/comments?post=93094"}],"version-history":[{"count":3,"href":"https:\/\/lacividina.com\/fr\/wp-json\/wp\/v2\/posts\/93094\/revisions"}],"predecessor-version":[{"id":93258,"href":"https:\/\/lacividina.com\/fr\/wp-json\/wp\/v2\/posts\/93094\/revisions\/93258"}],"wp:featuredmedia":[{"embeddable":true,"href":"https:\/\/lacividina.com\/fr\/wp-json\/wp\/v2\/media\/93074"}],"wp:attachment":[{"href":"https:\/\/lacividina.com\/fr\/wp-json\/wp\/v2\/media?parent=93094"}],"wp:term":[{"taxonomy":"category","embeddable":true,"href":"https:\/\/lacividina.com\/fr\/wp-json\/wp\/v2\/categories?post=93094"},{"taxonomy":"post_tag","embeddable":true,"href":"https:\/\/lacividina.com\/fr\/wp-json\/wp\/v2\/tags?post=93094"}],"curies":[{"name":"wp","href":"https:\/\/api.w.org\/{rel}","templated":true}]}}