{"id":91119,"date":"2025-02-06T08:10:05","date_gmt":"2025-02-06T07:10:05","guid":{"rendered":"https:\/\/lacividina.com\/?p=91119"},"modified":"2025-02-06T09:09:28","modified_gmt":"2025-02-06T08:09:28","slug":"osaka-goes-outdoors","status":"publish","type":"post","link":"https:\/\/lacividina.com\/fr\/osaka-goes-outdoors\/","title":{"rendered":""},"content":{"rendered":"<p>Osaka goes outdoors<\/p>\n<p>laCividina \u00e9crit un nouveau chapitre de son histoire et de celle d\u2019Osaka \u2013\u00a0le c\u00e9l\u00e8bre canap\u00e9 con\u00e7u par Pierre Paulin \u2013\u00a0et le fait avec le lancement de la version Outdoor qui marque \u00e9galement les d\u00e9buts de l\u2019entreprise frioulane dans le mobilier d\u2019ext\u00e9rieur.<\/p>\n<p>Cette version pr\u00e9serve soigneusement l\u2019h\u00e9ritage du projet original \u2013 la modularit\u00e9, la polyvalence et un design enveloppant qui c\u00e9l\u00e8bre la convivialit\u00e9 \u2013 ainsi que celui de la r\u00e9\u00e9dition de 2013, en sublimant les traits distinctifs et en les r\u00e9interpr\u00e9tant habilement pour les adapter aux espaces ext\u00e9rieurs.<\/p>\n","protected":false},"excerpt":{"rendered":"<p>Osaka goes outdoors laCividina \u00e9crit un nouveau chapitre de son histoire et de celle d\u2019Osaka \u2013\u00a0le c\u00e9l\u00e8bre canap\u00e9 con\u00e7u par Pierre Paulin \u2013\u00a0et le fait avec le lancement de la version Outdoor qui marque \u00e9galement les d\u00e9buts de l\u2019entreprise frioulane dans le mobilier d\u2019ext\u00e9rieur. Cette version pr\u00e9serve soigneusement l\u2019h\u00e9ritage du projet original \u2013 la modularit\u00e9, [&hellip;]<\/p>\n","protected":false},"author":2,"featured_media":91132,"comment_status":"open","ping_status":"open","sticky":false,"template":"","format":"standard","meta":{"inline_featured_image":false,"footnotes":""},"categories":[4],"tags":[],"class_list":["post-91119","post","type-post","status-publish","format-standard","has-post-thumbnail","hentry","category-non-classifiee"],"acf":[],"_links":{"self":[{"href":"https:\/\/lacividina.com\/fr\/wp-json\/wp\/v2\/posts\/91119","targetHints":{"allow":["GET"]}}],"collection":[{"href":"https:\/\/lacividina.com\/fr\/wp-json\/wp\/v2\/posts"}],"about":[{"href":"https:\/\/lacividina.com\/fr\/wp-json\/wp\/v2\/types\/post"}],"author":[{"embeddable":true,"href":"https:\/\/lacividina.com\/fr\/wp-json\/wp\/v2\/users\/2"}],"replies":[{"embeddable":true,"href":"https:\/\/lacividina.com\/fr\/wp-json\/wp\/v2\/comments?post=91119"}],"version-history":[{"count":5,"href":"https:\/\/lacividina.com\/fr\/wp-json\/wp\/v2\/posts\/91119\/revisions"}],"predecessor-version":[{"id":91246,"href":"https:\/\/lacividina.com\/fr\/wp-json\/wp\/v2\/posts\/91119\/revisions\/91246"}],"wp:featuredmedia":[{"embeddable":true,"href":"https:\/\/lacividina.com\/fr\/wp-json\/wp\/v2\/media\/91132"}],"wp:attachment":[{"href":"https:\/\/lacividina.com\/fr\/wp-json\/wp\/v2\/media?parent=91119"}],"wp:term":[{"taxonomy":"category","embeddable":true,"href":"https:\/\/lacividina.com\/fr\/wp-json\/wp\/v2\/categories?post=91119"},{"taxonomy":"post_tag","embeddable":true,"href":"https:\/\/lacividina.com\/fr\/wp-json\/wp\/v2\/tags?post=91119"}],"curies":[{"name":"wp","href":"https:\/\/api.w.org\/{rel}","templated":true}]}}