{"id":77924,"date":"2024-06-21T10:49:18","date_gmt":"2024-06-21T08:49:18","guid":{"rendered":"http:\/\/lacividina.com\/?p=77924"},"modified":"2024-06-21T11:12:42","modified_gmt":"2024-06-21T09:12:42","slug":"mention-honorable-au-compasso-doro-adi","status":"publish","type":"post","link":"https:\/\/lacividina.com\/fr\/mention-honorable-au-compasso-doro-adi\/","title":{"rendered":"Mention honorable au Compasso D&rsquo;Oro ADI"},"content":{"rendered":"<p>Dans les espaces du mus\u00e9e du design ADI, laCividina, et plus pr\u00e9cis\u00e9ment la chaise Taco, a re\u00e7u la mention honorable du XXVIIIe Compasso d&rsquo;Oro ADI dans la cat\u00e9gorie \u00ab\u00a0Design for Living\u00a0\u00bb.<\/p>\n<p>L&rsquo;ann\u00e9e derni\u00e8re, la chaise Taco, con\u00e7ue par Alessandro Stabile, a \u00e9t\u00e9 officiellement s\u00e9lectionn\u00e9e pour \u00eatre publi\u00e9e dans l&rsquo;ADI DESIGN INDEX. .<\/p>\n<p>N\u00e9 d&rsquo;un parcours d&rsquo;exp\u00e9rimentation men\u00e9 au fil des ans par Alessandro Stabile autour du th\u00e8me du d\u00e9veloppement de formes tridimensionnelles \u00e0 partir de surfaces planes, le fauteuil Taco de laCividina est un v\u00e9ritable hymne \u00e0 la durabilit\u00e9 \u00e0 360\u00b0 : des mat\u00e9riaux qui le composent aux processus de production n\u00e9cessaires \u00e0 sa r\u00e9alisation, sans oublier bien s\u00fbr son \u00e9ventuelle mise au rebut future.<\/p>\n<p>Quelques \u00e9l\u00e9ments simples permettent de r\u00e9duire au minimum les \u00e9tapes de production, ce qui se traduit par une moindre d\u00e9pense d&rsquo;\u00e9nergie et de mat\u00e9riaux, pour un si\u00e8ge l\u00e9ger et donc transportable avec un impact CO2 moindre. En outre, l&rsquo;absence totale de colle rend Taco enti\u00e8rement d\u00e9composable en tous ses composants, qui peuvent ainsi \u00eatre achemin\u00e9s vers la cha\u00eene de recyclage la plus appropri\u00e9e.<\/p>\n<p>Un choix esth\u00e9tique, pour un avenir plus durable, d\u00e9sormais \u00e9galement approuv\u00e9 par la plus prestigieuse reconnaissance de la qualit\u00e9 de production et de conception du design italien.<\/p>\n<p>&nbsp;<\/p>\n<p>&nbsp;<\/p>\n<p>&nbsp;<\/p>\n<p>&nbsp;<\/p>\n","protected":false},"excerpt":{"rendered":"<p>Dans les espaces du mus\u00e9e du design ADI, laCividina, et plus pr\u00e9cis\u00e9ment la chaise Taco, a re\u00e7u la mention honorable du XXVIIIe Compasso d&rsquo;Oro ADI dans la cat\u00e9gorie \u00ab\u00a0Design for Living\u00a0\u00bb. L&rsquo;ann\u00e9e derni\u00e8re, la chaise Taco, con\u00e7ue par Alessandro Stabile, a \u00e9t\u00e9 officiellement s\u00e9lectionn\u00e9e pour \u00eatre publi\u00e9e dans l&rsquo;ADI DESIGN INDEX. . N\u00e9 d&rsquo;un parcours [&hellip;]<\/p>\n","protected":false},"author":2,"featured_media":77980,"comment_status":"open","ping_status":"open","sticky":false,"template":"","format":"standard","meta":{"inline_featured_image":false,"footnotes":""},"categories":[4],"tags":[],"class_list":["post-77924","post","type-post","status-publish","format-standard","has-post-thumbnail","hentry","category-non-classifiee"],"acf":[],"_links":{"self":[{"href":"https:\/\/lacividina.com\/fr\/wp-json\/wp\/v2\/posts\/77924","targetHints":{"allow":["GET"]}}],"collection":[{"href":"https:\/\/lacividina.com\/fr\/wp-json\/wp\/v2\/posts"}],"about":[{"href":"https:\/\/lacividina.com\/fr\/wp-json\/wp\/v2\/types\/post"}],"author":[{"embeddable":true,"href":"https:\/\/lacividina.com\/fr\/wp-json\/wp\/v2\/users\/2"}],"replies":[{"embeddable":true,"href":"https:\/\/lacividina.com\/fr\/wp-json\/wp\/v2\/comments?post=77924"}],"version-history":[{"count":4,"href":"https:\/\/lacividina.com\/fr\/wp-json\/wp\/v2\/posts\/77924\/revisions"}],"predecessor-version":[{"id":77988,"href":"https:\/\/lacividina.com\/fr\/wp-json\/wp\/v2\/posts\/77924\/revisions\/77988"}],"wp:featuredmedia":[{"embeddable":true,"href":"https:\/\/lacividina.com\/fr\/wp-json\/wp\/v2\/media\/77980"}],"wp:attachment":[{"href":"https:\/\/lacividina.com\/fr\/wp-json\/wp\/v2\/media?parent=77924"}],"wp:term":[{"taxonomy":"category","embeddable":true,"href":"https:\/\/lacividina.com\/fr\/wp-json\/wp\/v2\/categories?post=77924"},{"taxonomy":"post_tag","embeddable":true,"href":"https:\/\/lacividina.com\/fr\/wp-json\/wp\/v2\/tags?post=77924"}],"curies":[{"name":"wp","href":"https:\/\/api.w.org\/{rel}","templated":true}]}}